{"id":2744,"date":"2023-05-08T16:51:32","date_gmt":"2023-05-08T14:51:32","guid":{"rendered":"https:\/\/www.mx-5club.ch\/wp\/?p=2744"},"modified":"2023-05-08T16:51:32","modified_gmt":"2023-05-08T14:51:32","slug":"saisoneroeffung-2023","status":"publish","type":"post","link":"https:\/\/www.mx-5club.ch\/wp\/saisoneroeffung-2023\/","title":{"rendered":"Saisoner\u00f6ffung 2023"},"content":{"rendered":"<p>[et_pb_section fb_built=&#187;1&#8243; theme_builder_area=&#187;post_content&#187; _builder_version=&#187;4.21.0&#8243; _module_preset=&#187;default&#187;][et_pb_row _builder_version=&#187;4.21.0&#8243; _module_preset=&#187;default&#187; theme_builder_area=&#187;post_content&#187;][et_pb_column _builder_version=&#187;4.21.0&#8243; _module_preset=&#187;default&#187; type=&#187;4_4&#8243; theme_builder_area=&#187;post_content&#187;][et_pb_text _builder_version=&#187;4.21.0&#8243; _module_preset=&#187;default&#187; theme_builder_area=&#187;post_content&#187; hover_enabled=&#187;0&#8243; sticky_enabled=&#187;0&#8243;]<\/p>\n<h5>Die Wetterprognose war nicht sehr berauschend, vorwiegend Regen. Trotzdem trafen sich 24 Personen mit 16 MX-5 in der Autorastst\u00e4tte Glarnerland. Es war k\u00fchl am Morgen, kein Regen aber bew\u00f6lkt, wir liesen unsere MX zu. P\u00fcnktlich um 08.00 Uhr fuhren wir los. Die Strecke f\u00fchre uns Richtung Gommiswald, Ricken, \u00fcber Ebnat-Kappel und den Hemberg nach Sch\u00f6nengrund.<\/h5>\n<p>[\/et_pb_text][\/et_pb_column][\/et_pb_row][et_pb_row _builder_version=&#187;4.21.0&#8243; _module_preset=&#187;default&#187; column_structure=&#187;1_3,1_3,1_3&#8243; theme_builder_area=&#187;post_content&#187;][et_pb_column _builder_version=&#187;4.21.0&#8243; _module_preset=&#187;default&#187; type=&#187;1_3&#8243; theme_builder_area=&#187;post_content&#187;][et_pb_image src=&#187;https:\/\/www.mx-5club.ch\/wp\/wp-content\/uploads\/2023\/05\/Jahr23033.jpg&#187; _builder_version=&#187;4.21.0&#8243; _module_preset=&#187;default&#187; theme_builder_area=&#187;post_content&#187; title_text=&#187;Jahr23033&#8243; show_in_lightbox=&#187;on&#187; hover_enabled=&#187;0&#8243; sticky_enabled=&#187;0&#8243;][\/et_pb_image][\/et_pb_column][et_pb_column _builder_version=&#187;4.21.0&#8243; _module_preset=&#187;default&#187; type=&#187;1_3&#8243; theme_builder_area=&#187;post_content&#187;][et_pb_text _builder_version=&#187;4.21.0&#8243; _module_preset=&#187;default&#187; theme_builder_area=&#187;post_content&#187; hover_enabled=&#187;0&#8243; sticky_enabled=&#187;0&#8243;]<\/p>\n<h5>Weiter nach Urn\u00e4sch, Haslen, Teufen ins Restaurant Waldegg \u201eSchnuggebock\u201c. Nach dem Kaffeehalt war uns das Wetter wohlgesonnen und so konnten wir unsere Verdecke verstauen.<\/h5>\n<p>[\/et_pb_text][\/et_pb_column][et_pb_column _builder_version=&#187;4.21.0&#8243; _module_preset=&#187;default&#187; type=&#187;1_3&#8243; theme_builder_area=&#187;post_content&#187;][et_pb_image src=&#187;https:\/\/www.mx-5club.ch\/wp\/wp-content\/uploads\/2023\/05\/Jahr23031.jpg&#187; _builder_version=&#187;4.21.0&#8243; _module_preset=&#187;default&#187; theme_builder_area=&#187;post_content&#187; title_text=&#187;Jahr23031&#8243; show_in_lightbox=&#187;on&#187; hover_enabled=&#187;0&#8243; sticky_enabled=&#187;0&#8243;][\/et_pb_image][\/et_pb_column][\/et_pb_row][et_pb_row _builder_version=&#187;4.21.0&#8243; _module_preset=&#187;default&#187; theme_builder_area=&#187;post_content&#187;][et_pb_column _builder_version=&#187;4.21.0&#8243; _module_preset=&#187;default&#187; type=&#187;4_4&#8243; theme_builder_area=&#187;post_content&#187;][et_pb_text _builder_version=&#187;4.21.0&#8243; _module_preset=&#187;default&#187; theme_builder_area=&#187;post_content&#187; hover_enabled=&#187;0&#8243; sticky_enabled=&#187;0&#8243;]<\/p>\n<h5>Die Fahrt ging \u00fcber Gais, Eichberg, Kobelwald, Marbach, Oberegg, Eggerriet, Untereggen nach M\u00f6rschwil. In M\u00f6rschwil besuchten wir den Autosalon von Rene Metzler. Das Besondere daran, wir durften in einige der Autos probesitzen. Die Sammlung umfasste eigene Unikate und Rarit\u00e4ten.<\/h5>\n<p>[\/et_pb_text][\/et_pb_column][\/et_pb_row][et_pb_row _builder_version=&#187;4.21.0&#8243; _module_preset=&#187;default&#187; column_structure=&#187;1_2,1_2&#8243; theme_builder_area=&#187;post_content&#187;][et_pb_column _builder_version=&#187;4.21.0&#8243; _module_preset=&#187;default&#187; type=&#187;1_2&#8243; theme_builder_area=&#187;post_content&#187;][et_pb_image src=&#187;https:\/\/www.mx-5club.ch\/wp\/wp-content\/uploads\/2023\/05\/Jahr23027.jpg&#187; _builder_version=&#187;4.21.0&#8243; _module_preset=&#187;default&#187; theme_builder_area=&#187;post_content&#187; title_text=&#187;Jahr23027&#8243; show_in_lightbox=&#187;on&#187; hover_enabled=&#187;0&#8243; sticky_enabled=&#187;0&#8243;][\/et_pb_image][\/et_pb_column][et_pb_column _builder_version=&#187;4.21.0&#8243; _module_preset=&#187;default&#187; type=&#187;1_2&#8243; theme_builder_area=&#187;post_content&#187;][et_pb_image src=&#187;https:\/\/www.mx-5club.ch\/wp\/wp-content\/uploads\/2023\/05\/Jahr23042.jpg&#187; _builder_version=&#187;4.21.0&#8243; _module_preset=&#187;default&#187; theme_builder_area=&#187;post_content&#187; title_text=&#187;Jahr23042&#8243; show_in_lightbox=&#187;on&#187; hover_enabled=&#187;0&#8243; sticky_enabled=&#187;0&#8243;][\/et_pb_image][\/et_pb_column][\/et_pb_row][et_pb_row _builder_version=&#187;4.21.0&#8243; _module_preset=&#187;default&#187; column_structure=&#187;1_3,1_3,1_3&#8243; theme_builder_area=&#187;post_content&#187;][et_pb_column _builder_version=&#187;4.21.0&#8243; _module_preset=&#187;default&#187; type=&#187;1_3&#8243; theme_builder_area=&#187;post_content&#187;][et_pb_text _builder_version=&#187;4.21.0&#8243; _module_preset=&#187;default&#187; theme_builder_area=&#187;post_content&#187; hover_enabled=&#187;0&#8243; sticky_enabled=&#187;0&#8243;]<\/p>\n<h5>Nach dem Besuch fuhren wir weiter nach T\u00fcbach ins Restaurant Atticum, dies befindet sich auf dem Dach eines Industriekomplexes. Das Essen war sehr gut, es funktionierte alles. Weiter ging\u2019s. <\/h5>\n<p>[\/et_pb_text][\/et_pb_column][et_pb_column _builder_version=&#187;4.21.0&#8243; _module_preset=&#187;default&#187; type=&#187;1_3&#8243; theme_builder_area=&#187;post_content&#187;][et_pb_image src=&#187;https:\/\/www.mx-5club.ch\/wp\/wp-content\/uploads\/2023\/05\/Jahr23064.jpg&#187; _builder_version=&#187;4.21.0&#8243; _module_preset=&#187;default&#187; theme_builder_area=&#187;post_content&#187; title_text=&#187;Jahr23064&#8243; show_in_lightbox=&#187;on&#187; hover_enabled=&#187;0&#8243; sticky_enabled=&#187;0&#8243;][\/et_pb_image][\/et_pb_column][et_pb_column _builder_version=&#187;4.21.0&#8243; _module_preset=&#187;default&#187; type=&#187;1_3&#8243; theme_builder_area=&#187;post_content&#187;][et_pb_text _builder_version=&#187;4.21.0&#8243; _module_preset=&#187;default&#187; theme_builder_area=&#187;post_content&#187; hover_enabled=&#187;0&#8243; sticky_enabled=&#187;0&#8243;]<\/p>\n<h5>Von T\u00fcbach aus quer dem Bodensee entlang \u00fcber Roggwil, Zielschacht, Erlen, G\u00fcttingen, Mattwil, Siegershausen, Hugelshofen ins Restaurant Thurberg ob Weinfelden.<\/h5>\n<p>[\/et_pb_text][\/et_pb_column][\/et_pb_row][et_pb_row _builder_version=&#187;4.21.0&#8243; _module_preset=&#187;default&#187; column_structure=&#187;1_2,1_2&#8243; theme_builder_area=&#187;post_content&#187;][et_pb_column _builder_version=&#187;4.21.0&#8243; _module_preset=&#187;default&#187; type=&#187;1_2&#8243; theme_builder_area=&#187;post_content&#187;][et_pb_image src=&#187;https:\/\/www.mx-5club.ch\/wp\/wp-content\/uploads\/2023\/05\/Jahr23057.jpg&#187; _builder_version=&#187;4.21.0&#8243; _module_preset=&#187;default&#187; theme_builder_area=&#187;post_content&#187; title_text=&#187;Jahr23057&#8243; show_in_lightbox=&#187;on&#187; hover_enabled=&#187;0&#8243; sticky_enabled=&#187;0&#8243;][\/et_pb_image][\/et_pb_column][et_pb_column _builder_version=&#187;4.21.0&#8243; _module_preset=&#187;default&#187; type=&#187;1_2&#8243; theme_builder_area=&#187;post_content&#187;][et_pb_image src=&#187;https:\/\/www.mx-5club.ch\/wp\/wp-content\/uploads\/2023\/05\/Jahr23021.jpg&#187; _builder_version=&#187;4.21.0&#8243; _module_preset=&#187;default&#187; theme_builder_area=&#187;post_content&#187; title_text=&#187;Jahr23021&#8243; hover_enabled=&#187;0&#8243; sticky_enabled=&#187;0&#8243;][\/et_pb_image][\/et_pb_column][\/et_pb_row][et_pb_row _builder_version=&#187;4.21.0&#8243; _module_preset=&#187;default&#187; theme_builder_area=&#187;post_content&#187;][et_pb_column _builder_version=&#187;4.21.0&#8243; _module_preset=&#187;default&#187; type=&#187;4_4&#8243; theme_builder_area=&#187;post_content&#187;][et_pb_text _builder_version=&#187;4.21.0&#8243; _module_preset=&#187;default&#187; theme_builder_area=&#187;post_content&#187; hover_enabled=&#187;0&#8243; sticky_enabled=&#187;0&#8243;]<\/p>\n<h5>Wir fuhren offen los, als das Wetter sich verschlechterte, einige liesen ihre MX offen. Wir genossen unseren Desserthalt und danach verabschieden wir uns voneinander. Vielen Dank f\u00fcr die Organisation<\/h5>\n<h5>Bericht Thomas<\/h5>\n<h5 style=\"text-align: center;\"><a href=\"https:\/\/youtu.be\/C80F6OXJMxE\"><img loading=\"lazy\" decoding=\"async\" src=\"https:\/\/www.mx-5club.ch\/wp\/wp-content\/uploads\/2019\/03\/Youtube-300x300.jpg\" alt=\"\" class=\"wp-image-1183 alignnone size-medium\" style=\"display: block; margin-left: auto; margin-right: auto;\" width=\"51\" height=\"51\" srcset=\"https:\/\/www.mx-5club.ch\/wp\/wp-content\/uploads\/2019\/03\/Youtube-300x300.jpg 300w, https:\/\/www.mx-5club.ch\/wp\/wp-content\/uploads\/2019\/03\/Youtube-100x100.jpg 100w, https:\/\/www.mx-5club.ch\/wp\/wp-content\/uploads\/2019\/03\/Youtube-600x600.jpg 600w, https:\/\/www.mx-5club.ch\/wp\/wp-content\/uploads\/2019\/03\/Youtube-150x150.jpg 150w, https:\/\/www.mx-5club.ch\/wp\/wp-content\/uploads\/2019\/03\/Youtube-768x768.jpg 768w, https:\/\/www.mx-5club.ch\/wp\/wp-content\/uploads\/2019\/03\/Youtube-610x610.jpg 610w, https:\/\/www.mx-5club.ch\/wp\/wp-content\/uploads\/2019\/03\/Youtube.jpg 1000w\" sizes=\"(max-width: 51px) 100vw, 51px\" \/><\/a><\/h5>\n<p>[\/et_pb_text][\/et_pb_column][\/et_pb_row][\/et_pb_section]<\/p>\n<span class=\"et_bloom_bottom_trigger\"><\/span>","protected":false},"excerpt":{"rendered":"<p>Die Wetterprognose war nicht sehr berauschend, vorwiegend Regen. Trotzdem trafen sich 24 Personen mit 16 MX-5 in der Autorastst\u00e4tte Glarnerland. Es war k\u00fchl am Morgen, kein Regen aber bew\u00f6lkt, wir [&hellip;]<\/p>\n","protected":false},"author":3,"featured_media":2745,"comment_status":"open","ping_status":"closed","sticky":false,"template":"","format":"standard","meta":{"_et_pb_use_builder":"on","_et_pb_old_content":"","_et_gb_content_width":"","footnotes":""},"categories":[1],"tags":[115,17],"class_list":["post-2744","post","type-post","status-publish","format-standard","has-post-thumbnail","hentry","category-clubnews","tag-115","tag-saisoneroeffnung"],"_links":{"self":[{"href":"https:\/\/www.mx-5club.ch\/wp\/wp-json\/wp\/v2\/posts\/2744","targetHints":{"allow":["GET"]}}],"collection":[{"href":"https:\/\/www.mx-5club.ch\/wp\/wp-json\/wp\/v2\/posts"}],"about":[{"href":"https:\/\/www.mx-5club.ch\/wp\/wp-json\/wp\/v2\/types\/post"}],"author":[{"embeddable":true,"href":"https:\/\/www.mx-5club.ch\/wp\/wp-json\/wp\/v2\/users\/3"}],"replies":[{"embeddable":true,"href":"https:\/\/www.mx-5club.ch\/wp\/wp-json\/wp\/v2\/comments?post=2744"}],"version-history":[{"count":3,"href":"https:\/\/www.mx-5club.ch\/wp\/wp-json\/wp\/v2\/posts\/2744\/revisions"}],"predecessor-version":[{"id":2761,"href":"https:\/\/www.mx-5club.ch\/wp\/wp-json\/wp\/v2\/posts\/2744\/revisions\/2761"}],"wp:featuredmedia":[{"embeddable":true,"href":"https:\/\/www.mx-5club.ch\/wp\/wp-json\/wp\/v2\/media\/2745"}],"wp:attachment":[{"href":"https:\/\/www.mx-5club.ch\/wp\/wp-json\/wp\/v2\/media?parent=2744"}],"wp:term":[{"taxonomy":"category","embeddable":true,"href":"https:\/\/www.mx-5club.ch\/wp\/wp-json\/wp\/v2\/categories?post=2744"},{"taxonomy":"post_tag","embeddable":true,"href":"https:\/\/www.mx-5club.ch\/wp\/wp-json\/wp\/v2\/tags?post=2744"}],"curies":[{"name":"wp","href":"https:\/\/api.w.org\/{rel}","templated":true}]}}